{"id":580,"date":"2023-01-12T12:16:26","date_gmt":"2023-01-12T11:16:26","guid":{"rendered":"https:\/\/pro-tecs.styleinc.eu\/2023\/01\/12\/la-nouvelle-antenne-double-yagi-7042385-cm2-de-procom\/"},"modified":"2025-07-04T16:56:58","modified_gmt":"2025-07-04T14:56:58","slug":"double-yagi-7042385-procom","status":"publish","type":"post","link":"https:\/\/pro-tecs.de\/fr\/double-yagi-7042385-procom\/","title":{"rendered":"La nouvelle antenne double Yagi 7042385-CM2 de PROCOM."},"content":{"rendered":"<p>[et_pb_section fb_built=\u00a0\u00bb1&Prime; _builder_version=\u00a0\u00bb4.24.0&Prime; _module_preset=\u00a0\u00bbdefault\u00a0\u00bb global_colors_info=\u00a0\u00bb{}\u00a0\u00bb theme_builder_area=\u00a0\u00bbpost_content\u00a0\u00bb][et_pb_row _builder_version=\u00a0\u00bb4.24.0&Prime; _module_preset=\u00a0\u00bbdefault\u00a0\u00bb global_colors_info=\u00a0\u00bb{}\u00a0\u00bb theme_builder_area=\u00a0\u00bbpost_content\u00a0\u00bb][et_pb_column type=\u00a0\u00bb4_4&Prime; _builder_version=\u00a0\u00bb4.24.0&Prime; _module_preset=\u00a0\u00bbdefault\u00a0\u00bb global_colors_info=\u00a0\u00bb{}\u00a0\u00bb theme_builder_area=\u00a0\u00bbpost_content\u00a0\u00bb][et_pb_text _builder_version=\u00a0\u00bb4.27.4&Prime; _module_preset=\u00a0\u00bbdefault\u00a0\u00bb theme_builder_area=\u00a0\u00bbpost_content\u00a0\u00bb module_class=\u00a0\u00bbh3&Prime; hover_enabled=\u00a0\u00bb0&Prime; sticky_enabled=\u00a0\u00bb0&Prime;]<\/p>\n<h2>La nouvelle double yagi<\/h2>\n<p>[\/et_pb_text][et_pb_text admin_label=\u00a0\u00bbH3 \u00dcberschrift\u00a0\u00bb _builder_version=\u00a0\u00bb4.27.4&Prime; _module_preset=\u00a0\u00bbdefault\u00a0\u00bb custom_margin=\u00a0\u00bb||0px||false|false\u00a0\u00bb hover_enabled=\u00a0\u00bb0&Prime; global_colors_info=\u00a0\u00bb{}\u00a0\u00bb theme_builder_area=\u00a0\u00bbpost_content\u00a0\u00bb module_class=\u00a0\u00bbh4&Prime; sticky_enabled=\u00a0\u00bb0&Prime;]<\/p>\n<h3>Qu&rsquo;est-ce qui caract\u00e9rise la nouvelle antenne double Yagi et qu&rsquo;est-ce qui a chang\u00e9 par rapport \u00e0 son pr\u00e9d\u00e9cesseur ?<\/h3>\n<p>[\/et_pb_text][et_pb_text admin_label=\u00a0\u00bbAbsatz Text\u00a0\u00bb _builder_version=\u00a0\u00bb4.25.1&Prime; _module_preset=\u00a0\u00bbdefault\u00a0\u00bb global_colors_info=\u00a0\u00bb{}\u00a0\u00bb theme_builder_area=\u00a0\u00bbpost_content\u00a0\u00bb]<\/p>\n<p>La nouvelle antenne double Yagi se distingue par l&rsquo;optimisation de ses caract\u00e9ristiques techniques. Un angle d&rsquo;ouverture horizontal et vertical plus \u00e9troit entra\u00eene une plus faible sensibilit\u00e9 aux interf\u00e9rences et augmente ainsi le gain d&rsquo;antenne associ\u00e9, tout en r\u00e9duisant les lobes secondaires.<\/p>\n<p>[\/et_pb_text][et_pb_text admin_label=\u00a0\u00bbH3 \u00dcberschrift\u00a0\u00bb _builder_version=\u00a0\u00bb4.27.4&Prime; _module_preset=\u00a0\u00bbdefault\u00a0\u00bb custom_margin=\u00a0\u00bb||0px||false|false\u00a0\u00bb hover_enabled=\u00a0\u00bb0&Prime; global_colors_info=\u00a0\u00bb{}\u00a0\u00bb theme_builder_area=\u00a0\u00bbpost_content\u00a0\u00bb module_class=\u00a0\u00bbh4&Prime; sticky_enabled=\u00a0\u00bb0&Prime;]<\/p>\n<h3>En r\u00e9sum\u00e9 :<\/h3>\n<p>[\/et_pb_text][et_pb_text admin_label=\u00a0\u00bbAbsatz Text\u00a0\u00bb _builder_version=\u00a0\u00bb4.24.0&Prime; _module_preset=\u00a0\u00bbdefault\u00a0\u00bb global_colors_info=\u00a0\u00bb{}\u00a0\u00bb theme_builder_area=\u00a0\u00bbpost_content\u00a0\u00bb]<\/p>\n<ul>\n<li>angle d&rsquo;ouverture horizontal et vertical plus \u00e9troit  <\/li>\n<li>gain d&rsquo;antenne accru  <\/li>\n<li>R\u00e9duction des lobes secondaires conform\u00e9ment au guide  <\/li>\n<li>rapport avant\/arri\u00e8re \u00e9lev\u00e9<\/li>\n<\/ul>\n<p>[\/et_pb_text][et_pb_text admin_label=\u00a0\u00bbAbsatz Text\u00a0\u00bb _builder_version=\u00a0\u00bb4.24.0&Prime; _module_preset=\u00a0\u00bbdefault\u00a0\u00bb global_colors_info=\u00a0\u00bb{}\u00a0\u00bb theme_builder_area=\u00a0\u00bbpost_content\u00a0\u00bb]La nouvelle antenne de raccordement permet une orientation encore plus cibl\u00e9e vers la cellule de raccordement, tout en \u00e9vitant les interf\u00e9rences avec les stations de base voisines.[\/et_pb_text][et_pb_image src=\u00a0\u00bbhttps:\/\/pro-tecs.de\/wp-content\/uploads\/2023\/01\/Doppel-Yagi-Antenne-IMG-1.jpg\u00a0\u00bb title_text=\u00a0\u00bbAntenne yagi double IMG-1&Prime; _builder_version=\u00a0\u00bb4.27.4&Prime; _module_preset=\u00a0\u00bbdefault\u00a0\u00bb hover_enabled=\u00a0\u00bb0&Prime; global_colors_info=\u00a0\u00bb{}\u00a0\u00bb theme_builder_area=\u00a0\u00bbpost_content\u00a0\u00bb alt=\u00a0\u00bbNouvelle antenne double Yagi\u00a0\u00bb sticky_enabled=\u00a0\u00bb0&Prime;][\/et_pb_image][et_pb_text admin_label=\u00a0\u00bbAbsatz Text\u00a0\u00bb _builder_version=\u00a0\u00bb4.24.0&Prime; _module_preset=\u00a0\u00bbdefault\u00a0\u00bb global_colors_info=\u00a0\u00bb{}\u00a0\u00bb theme_builder_area=\u00a0\u00bbpost_content\u00a0\u00bb]Les avantages cit\u00e9s permettent, par rapport \u00e0 d&rsquo;autres antennes directionnelles, de r\u00e9duire consid\u00e9rablement les fr\u00e9quences parasites des stations de base voisines, tout en offrant un niveau de connexion plus \u00e9lev\u00e9 et un meilleur d\u00e9couplage.[\/et_pb_text][et_pb_image src=\u00a0\u00bbhttps:\/\/pro-tecs.de\/wp-content\/uploads\/2023\/01\/Doppel-Yagi-Antenne-IMG-2.jpg\u00a0\u00bb title_text=\u00a0\u00bbAntenne double Yagi-IMG-2&Prime; _builder_version=\u00a0\u00bb4.27.4&Prime; _module_preset=\u00a0\u00bbdefault\u00a0\u00bb hover_enabled=\u00a0\u00bb0&Prime; global_colors_info=\u00a0\u00bb{}\u00a0\u00bb theme_builder_area=\u00a0\u00bbpost_content\u00a0\u00bb alt=\u00a0\u00bbLa nouvelle antenne 7042385-CM2 de PROCOM\u00a0\u00bb sticky_enabled=\u00a0\u00bb0&Prime;][\/et_pb_image][et_pb_text admin_label=\u00a0\u00bbH5 \u00dcberschrift\u00a0\u00bb _builder_version=\u00a0\u00bb4.27.4&Prime; _module_preset=\u00a0\u00bbdefault\u00a0\u00bb hover_enabled=\u00a0\u00bb0&Prime; global_colors_info=\u00a0\u00bb{}\u00a0\u00bb theme_builder_area=\u00a0\u00bbpost_content\u00a0\u00bb module_class=\u00a0\u00bbh5&Prime; sticky_enabled=\u00a0\u00bb0&Prime;]<\/p>\n<h3>Pour en savoir plus sur la nouvelle antenne 7042385-CM2 de PROCOM, visitez notre boutique en ligne.<\/h3>\n<p>[\/et_pb_text][et_pb_button button_url=\u00a0\u00bbhttps:\/\/shop.pro-tecs.de\/7042385-cm2-doppel-yagi-38.html\u00a0\u00bb url_new_window=\u00a0\u00bbon\u00a0\u00bb button_text=\u00a0\u00bbVoir le produit\u00a0\u00bb admin_label=\u00a0\u00bbZur Doppel-Yagi\u00a0\u00bb _builder_version=\u00a0\u00bb4.25.1&Prime; _module_preset=\u00a0\u00bbdefault\u00a0\u00bb global_colors_info=\u00a0\u00bb{}\u00a0\u00bb theme_builder_area=\u00a0\u00bbpost_content\u00a0\u00bb][\/et_pb_button][et_pb_text admin_label=\u00a0\u00bbH2 \u00dcberschrift\u00a0\u00bb _builder_version=\u00a0\u00bb4.27.4&Prime; _module_preset=\u00a0\u00bbdefault\u00a0\u00bb custom_margin=\u00a0\u00bb||0px||false|false\u00a0\u00bb hover_enabled=\u00a0\u00bb0&Prime; global_colors_info=\u00a0\u00bb{}\u00a0\u00bb theme_builder_area=\u00a0\u00bbpost_content\u00a0\u00bb module_class=\u00a0\u00bbh3&Prime; sticky_enabled=\u00a0\u00bb0&Prime;]<\/p>\n<h2>Des questions sur nos produits ?<\/h2>\n<p>[\/et_pb_text][et_pb_text admin_label=\u00a0\u00bbAbsatz Text\u00a0\u00bb _builder_version=\u00a0\u00bb4.24.0&Prime; _module_preset=\u00a0\u00bbdefault\u00a0\u00bb global_colors_info=\u00a0\u00bb{}\u00a0\u00bb theme_builder_area=\u00a0\u00bbpost_content\u00a0\u00bb]Si vous souhaitez en savoir plus sur nos produits, visitez notre boutique en ligne ou contactez-nous personnellement. Nous vous conseillons volontiers pour une solution optimale.[\/et_pb_text][et_pb_text admin_label=\u00a0\u00bbTel: +49 (0) 4608 9736900&Prime; _builder_version=\u00a0\u00bb4.24.0&Prime; _module_preset=\u00a0\u00bbdefault\u00a0\u00bb global_colors_info=\u00a0\u00bb{}\u00a0\u00bb theme_builder_area=\u00a0\u00bbpost_content\u00a0\u00bb]T\u00e9l. : <a href=\"tel:+49%20(0)%204608%209736900\">+49 (0) 4608 9736900<\/a>[\/et_pb_text][\/et_pb_column][\/et_pb_row][et_pb_row _builder_version=\u00a0\u00bb4.24.0&Prime; _module_preset=\u00a0\u00bbdefault\u00a0\u00bb custom_padding=\u00a0\u00bb0px||||false|false\u00a0\u00bb global_colors_info=\u00a0\u00bb{}\u00a0\u00bb theme_builder_area=\u00a0\u00bbpost_content\u00a0\u00bb][et_pb_column type=\u00a0\u00bb4_4&Prime; _builder_version=\u00a0\u00bb4.24.0&Prime; _module_preset=\u00a0\u00bbdefault\u00a0\u00bb global_colors_info=\u00a0\u00bb{}\u00a0\u00bb theme_builder_area=\u00a0\u00bbpost_content\u00a0\u00bb][et_pb_button button_url=\u00a0\u00bbhttps:\/\/shop.pro-tecs.fr\/\u00a0\u00bb url_new_window=\u00a0\u00bbon\u00a0\u00bb button_text=\u00a0\u00bbVers la boutique en ligne\u00a0\u00bb admin_label=\u00a0\u00bbZum Webshop\u00a0\u00bb _builder_version=\u00a0\u00bb4.24.0&Prime; _module_preset=\u00a0\u00bbdefault\u00a0\u00bb global_colors_info=\u00a0\u00bb{}\u00a0\u00bb theme_builder_area=\u00a0\u00bbpost_content\u00a0\u00bb][\/et_pb_button][\/et_pb_column][\/et_pb_row][\/et_pb_section]<\/p>\n","protected":false},"excerpt":{"rendered":"<p>La nouvelle antenne de liaison TETRA BOS Double Yagi 7042385 &#8211; CM2 est arriv\u00e9e !<\/p>\n","protected":false},"author":1,"featured_media":414,"comment_status":"open","ping_status":"open","sticky":false,"template":"","format":"standard","meta":{"_et_pb_use_builder":"on","_et_pb_old_content":"","_et_gb_content_width":"","inline_featured_image":false,"footnotes":""},"categories":[33],"tags":[],"class_list":["post-580","post","type-post","status-publish","format-standard","has-post-thumbnail","hentry","category-nouveautes"],"_links":{"self":[{"href":"https:\/\/pro-tecs.de\/fr\/wp-json\/wp\/v2\/posts\/580","targetHints":{"allow":["GET"]}}],"collection":[{"href":"https:\/\/pro-tecs.de\/fr\/wp-json\/wp\/v2\/posts"}],"about":[{"href":"https:\/\/pro-tecs.de\/fr\/wp-json\/wp\/v2\/types\/post"}],"author":[{"embeddable":true,"href":"https:\/\/pro-tecs.de\/fr\/wp-json\/wp\/v2\/users\/1"}],"replies":[{"embeddable":true,"href":"https:\/\/pro-tecs.de\/fr\/wp-json\/wp\/v2\/comments?post=580"}],"version-history":[{"count":10,"href":"https:\/\/pro-tecs.de\/fr\/wp-json\/wp\/v2\/posts\/580\/revisions"}],"predecessor-version":[{"id":7254,"href":"https:\/\/pro-tecs.de\/fr\/wp-json\/wp\/v2\/posts\/580\/revisions\/7254"}],"wp:featuredmedia":[{"embeddable":true,"href":"https:\/\/pro-tecs.de\/fr\/wp-json\/wp\/v2\/media\/414"}],"wp:attachment":[{"href":"https:\/\/pro-tecs.de\/fr\/wp-json\/wp\/v2\/media?parent=580"}],"wp:term":[{"taxonomy":"category","embeddable":true,"href":"https:\/\/pro-tecs.de\/fr\/wp-json\/wp\/v2\/categories?post=580"},{"taxonomy":"post_tag","embeddable":true,"href":"https:\/\/pro-tecs.de\/fr\/wp-json\/wp\/v2\/tags?post=580"}],"curies":[{"name":"wp","href":"https:\/\/api.w.org\/{rel}","templated":true}]}}