{"id":577,"date":"2023-12-08T12:10:20","date_gmt":"2023-12-08T11:10:20","guid":{"rendered":"https:\/\/pro-tecs.styleinc.eu\/2023\/12\/08\/voici-comment-sest-deroule-le-salon-pmr-expo-2023-a-cologne\/"},"modified":"2025-07-04T14:03:29","modified_gmt":"2025-07-04T12:03:29","slug":"voici-comment-sest-deroule-le-salon-pmr-expo-2023-a-cologne","status":"publish","type":"post","link":"https:\/\/pro-tecs.de\/fr\/voici-comment-sest-deroule-le-salon-pmr-expo-2023-a-cologne\/","title":{"rendered":"Voici comment s&rsquo;est d\u00e9roul\u00e9 le salon PMR-EXPO 2023 \u00e0 Cologne"},"content":{"rendered":"<p>[et_pb_section fb_built=\u00a0\u00bb1&Prime; _builder_version=\u00a0\u00bb4.24.0&Prime; _module_preset=\u00a0\u00bbdefault\u00a0\u00bb global_colors_info=\u00a0\u00bb{}\u00a0\u00bb theme_builder_area=\u00a0\u00bbpost_content\u00a0\u00bb][et_pb_row _builder_version=\u00a0\u00bb4.24.0&Prime; _module_preset=\u00a0\u00bbdefault\u00a0\u00bb global_colors_info=\u00a0\u00bb{}\u00a0\u00bb theme_builder_area=\u00a0\u00bbpost_content\u00a0\u00bb][et_pb_column type=\u00a0\u00bb4_4&Prime; _builder_version=\u00a0\u00bb4.24.0&Prime; _module_preset=\u00a0\u00bbdefault\u00a0\u00bb global_colors_info=\u00a0\u00bb{}\u00a0\u00bb theme_builder_area=\u00a0\u00bbpost_content\u00a0\u00bb][et_pb_text admin_label=\u00a0\u00bbAbsatz Text\u00a0\u00bb _builder_version=\u00a0\u00bb4.24.0&Prime; _module_preset=\u00a0\u00bbdefault\u00a0\u00bb global_colors_info=\u00a0\u00bb{}\u00a0\u00bb theme_builder_area=\u00a0\u00bbpost_content\u00a0\u00bb]Nous \u00e9tions pr\u00e9sents au salon PMR-EXPO 2023 \u00e0 Cologne pour vous pr\u00e9senter nos produits et nos innovations. Consid\u00e9r\u00e9 comme le principal salon europ\u00e9en des communications s\u00e9curis\u00e9es, PMR Expo a offert un aper\u00e7u fascinant des technologies innovantes et des d\u00e9veloppements passionnants dans le domaine des communications s\u00e9curis\u00e9es. Avec 220 exposants de 20 pays, 4600 visiteurs et une surface d&rsquo;exposition de 10,000 m2, l&rsquo;Expo a r\u00e9uni de nombreuses entreprises du secteur et a permis le r\u00e9seautage et l&rsquo;\u00e9change d&rsquo;expertise. Pendant trois jours, le salon a propos\u00e9 un programme informatif avec des conf\u00e9rences, des ateliers et des pr\u00e9sentations.[\/et_pb_text][et_pb_image src=\u00a0\u00bbhttps:\/\/pro-tecs.de\/wp-content\/uploads\/2023\/12\/PMR-EXPO-2023-IMG-1.jpg\u00a0\u00bb title_text=\u00a0\u00bbPMR-EXPO-2023-IMG-1&Prime; _builder_version=\u00a0\u00bb4.27.4&Prime; _module_preset=\u00a0\u00bbdefault\u00a0\u00bb hover_enabled=\u00a0\u00bb0&Prime; global_colors_info=\u00a0\u00bb{}\u00a0\u00bb theme_builder_area=\u00a0\u00bbpost_content\u00a0\u00bb alt=\u00a0\u00bbPMR-EXPO 2023 \u00e0 Cologne\u00a0\u00bb sticky_enabled=\u00a0\u00bb0&Prime;][\/et_pb_image][et_pb_text admin_label=\u00a0\u00bbH2 \u00dcberschrift\u00a0\u00bb _builder_version=\u00a0\u00bb4.27.4&Prime; _module_preset=\u00a0\u00bbdefault\u00a0\u00bb custom_margin=\u00a0\u00bb||0px||false|false\u00a0\u00bb hover_enabled=\u00a0\u00bb0&Prime; global_colors_info=\u00a0\u00bb{}\u00a0\u00bb theme_builder_area=\u00a0\u00bbpost_content\u00a0\u00bb module_class=\u00a0\u00bbh3&Prime; sticky_enabled=\u00a0\u00bb0&Prime;]<\/p>\n<h2>Nos points forts sur le salon<\/h2>\n<p>[\/et_pb_text][et_pb_text admin_label=\u00a0\u00bbAbsatz Text\u00a0\u00bb _builder_version=\u00a0\u00bb4.24.0&Prime; _module_preset=\u00a0\u00bbdefault\u00a0\u00bb global_colors_info=\u00a0\u00bb{}\u00a0\u00bb theme_builder_area=\u00a0\u00bbpost_content\u00a0\u00bb]Le point fort de cette ann\u00e9e a \u00e9t\u00e9 le nouveau tapper conforme \u00e0 la norme DIN, qui constitue une premi\u00e8re mondiale. Nous avons \u00e9galement pr\u00e9sent\u00e9 une nouvelle antenne de connexion TETRA BOS de la soci\u00e9t\u00e9 Scan Antennas ainsi que la nouvelle g\u00e9n\u00e9ration d&rsquo;antennes 5G et WiFi de la soci\u00e9t\u00e9 Amphenohl PROCOM.[\/et_pb_text][et_pb_text admin_label=\u00a0\u00bbAbsatz Text\u00a0\u00bb _builder_version=\u00a0\u00bb4.24.0&Prime; _module_preset=\u00a0\u00bbdefault\u00a0\u00bb global_colors_info=\u00a0\u00bb{}\u00a0\u00bb theme_builder_area=\u00a0\u00bbpost_content\u00a0\u00bb]Un autre moment fort a \u00e9t\u00e9 le montage du r\u00e9p\u00e9teur GPS par Roger, qui a clairement d\u00e9montr\u00e9 comment fonctionne un syst\u00e8me de r\u00e9p\u00e9teur GPS. Les derniers r\u00e9p\u00e9teurs \u00e0 fibre optique FULL-Band et GPS ont \u00e9t\u00e9 pr\u00e9sent\u00e9s \u00e0 cette occasion.[\/et_pb_text][et_pb_image src=\u00a0\u00bbhttps:\/\/pro-tecs.de\/wp-content\/uploads\/2023\/12\/PMR-EXPO-2023-IMG-2.jpg\u00a0\u00bb title_text=\u00a0\u00bbPMR-EXPO-2023-IMG-2&Prime; _builder_version=\u00a0\u00bb4.27.4&Prime; _module_preset=\u00a0\u00bbdefault\u00a0\u00bb hover_enabled=\u00a0\u00bb0&Prime; global_colors_info=\u00a0\u00bb{}\u00a0\u00bb theme_builder_area=\u00a0\u00bbpost_content\u00a0\u00bb alt=\u00a0\u00bbPoints forts de la foire commerciale PMR-EXPO 2023&Prime; sticky_enabled=\u00a0\u00bb0&Prime;][\/et_pb_image][et_pb_text admin_label=\u00a0\u00bbH2 \u00dcberschrift\u00a0\u00bb _builder_version=\u00a0\u00bb4.27.4&Prime; _module_preset=\u00a0\u00bbdefault\u00a0\u00bb custom_margin=\u00a0\u00bb||0px||false|false\u00a0\u00bb hover_enabled=\u00a0\u00bb0&Prime; global_colors_info=\u00a0\u00bb{}\u00a0\u00bb theme_builder_area=\u00a0\u00bbpost_content\u00a0\u00bb module_class=\u00a0\u00bbh3&Prime; sticky_enabled=\u00a0\u00bb0&Prime;]<\/p>\n<h2>L&rsquo;opportunit\u00e9<\/h2>\n<p>[\/et_pb_text][et_pb_text admin_label=\u00a0\u00bbAbsatz Text\u00a0\u00bb _builder_version=\u00a0\u00bb4.24.2&Prime; _module_preset=\u00a0\u00bbdefault\u00a0\u00bb global_colors_info=\u00a0\u00bb{}\u00a0\u00bb theme_builder_area=\u00a0\u00bbpost_content\u00a0\u00bb]Le salon PMR-EXPO 2023 a permis aux visiteurs de s&rsquo;informer sur les derniers produits en mati\u00e8re de technologie RF et de nouer des liens avec des experts. Nous avons \u00e9t\u00e9 ravis de vous accueillir sur notre stand afin de vous donner un aper\u00e7u complet de notre univers de produits et de notre entreprise. [\/et_pb_text][\/et_pb_column][\/et_pb_row][et_pb_row column_structure=\u00a0\u00bb1_2,1_2&Prime; _builder_version=\u00a0\u00bb4.25.1&Prime; _module_preset=\u00a0\u00bbdefault\u00a0\u00bb global_colors_info=\u00a0\u00bb{}\u00a0\u00bb theme_builder_area=\u00a0\u00bbpost_content\u00a0\u00bb][et_pb_column type=\u00a0\u00bb1_2&Prime; _builder_version=\u00a0\u00bb4.25.1&Prime; _module_preset=\u00a0\u00bbdefault\u00a0\u00bb global_colors_info=\u00a0\u00bb{}\u00a0\u00bb theme_builder_area=\u00a0\u00bbpost_content\u00a0\u00bb][et_pb_text admin_label=\u00a0\u00bbH5 \u00dcberschrift\u00a0\u00bb _builder_version=\u00a0\u00bb4.27.4&Prime; _module_preset=\u00a0\u00bbdefault\u00a0\u00bb hover_enabled=\u00a0\u00bb0&Prime; global_colors_info=\u00a0\u00bb{}\u00a0\u00bb theme_builder_area=\u00a0\u00bbpost_content\u00a0\u00bb module_class=\u00a0\u00bbh5&Prime; sticky_enabled=\u00a0\u00bb0&Prime;]<\/p>\n<h3>Si vous \u00eates int\u00e9ress\u00e9(e) par les documents de notre stand, vous les trouverez regroup\u00e9s sous le lien suivant.<\/h3>\n<p>[\/et_pb_text][et_pb_button button_url=\u00a0\u00bbhttp:\/\/info.pro-tecs.com\u00a0\u00bb url_new_window=\u00a0\u00bbon\u00a0\u00bb button_text=\u00a0\u00bbDocumentation du salon\u00a0\u00bb admin_label=\u00a0\u00bbMesseunterlagen\u00a0\u00bb _builder_version=\u00a0\u00bb4.24.0&Prime; _module_preset=\u00a0\u00bbdefault\u00a0\u00bb global_colors_info=\u00a0\u00bb{}\u00a0\u00bb theme_builder_area=\u00a0\u00bbpost_content\u00a0\u00bb][\/et_pb_button][\/et_pb_column][et_pb_column type=\u00a0\u00bb1_2&Prime; _builder_version=\u00a0\u00bb4.25.1&Prime; _module_preset=\u00a0\u00bbdefault\u00a0\u00bb global_colors_info=\u00a0\u00bb{}\u00a0\u00bb theme_builder_area=\u00a0\u00bbpost_content\u00a0\u00bb][et_pb_text admin_label=\u00a0\u00bbH5 \u00dcberschrift\u00a0\u00bb _builder_version=\u00a0\u00bb4.27.4&Prime; _module_preset=\u00a0\u00bbdefault\u00a0\u00bb hover_enabled=\u00a0\u00bb0&Prime; global_colors_info=\u00a0\u00bb{}\u00a0\u00bb theme_builder_area=\u00a0\u00bbpost_content\u00a0\u00bb module_class=\u00a0\u00bbh5&Prime; sticky_enabled=\u00a0\u00bb0&Prime;]<\/p>\n<h3>Si vous \u00eates int\u00e9ress\u00e9 par nos produits, visitez notre boutique en ligne.<\/h3>\n<p>[\/et_pb_text][et_pb_button button_url=\u00a0\u00bbhttps:\/\/shop.pro-tecs.fr\/\u00a0\u00bb url_new_window=\u00a0\u00bbon\u00a0\u00bb button_text=\u00a0\u00bbBoutique en ligne\u00a0\u00bb _builder_version=\u00a0\u00bb4.25.1&Prime; _module_preset=\u00a0\u00bbdefault\u00a0\u00bb global_colors_info=\u00a0\u00bb{}\u00a0\u00bb theme_builder_area=\u00a0\u00bbpost_content\u00a0\u00bb][\/et_pb_button][\/et_pb_column][\/et_pb_row][\/et_pb_section]<\/p>\n","protected":false},"excerpt":{"rendered":"<p>Cette ann\u00e9e encore, PRO-TECS a pr\u00e9sent\u00e9 des innovations et des points forts passionnants.<\/p>\n","protected":false},"author":1,"featured_media":403,"comment_status":"open","ping_status":"open","sticky":false,"template":"","format":"standard","meta":{"_et_pb_use_builder":"on","_et_pb_old_content":"","_et_gb_content_width":"","inline_featured_image":false,"footnotes":""},"categories":[30],"tags":[],"class_list":["post-577","post","type-post","status-publish","format-standard","has-post-thumbnail","hentry","category-evenements"],"_links":{"self":[{"href":"https:\/\/pro-tecs.de\/fr\/wp-json\/wp\/v2\/posts\/577","targetHints":{"allow":["GET"]}}],"collection":[{"href":"https:\/\/pro-tecs.de\/fr\/wp-json\/wp\/v2\/posts"}],"about":[{"href":"https:\/\/pro-tecs.de\/fr\/wp-json\/wp\/v2\/types\/post"}],"author":[{"embeddable":true,"href":"https:\/\/pro-tecs.de\/fr\/wp-json\/wp\/v2\/users\/1"}],"replies":[{"embeddable":true,"href":"https:\/\/pro-tecs.de\/fr\/wp-json\/wp\/v2\/comments?post=577"}],"version-history":[{"count":7,"href":"https:\/\/pro-tecs.de\/fr\/wp-json\/wp\/v2\/posts\/577\/revisions"}],"predecessor-version":[{"id":7155,"href":"https:\/\/pro-tecs.de\/fr\/wp-json\/wp\/v2\/posts\/577\/revisions\/7155"}],"wp:featuredmedia":[{"embeddable":true,"href":"https:\/\/pro-tecs.de\/fr\/wp-json\/wp\/v2\/media\/403"}],"wp:attachment":[{"href":"https:\/\/pro-tecs.de\/fr\/wp-json\/wp\/v2\/media?parent=577"}],"wp:term":[{"taxonomy":"category","embeddable":true,"href":"https:\/\/pro-tecs.de\/fr\/wp-json\/wp\/v2\/categories?post=577"},{"taxonomy":"post_tag","embeddable":true,"href":"https:\/\/pro-tecs.de\/fr\/wp-json\/wp\/v2\/tags?post=577"}],"curies":[{"name":"wp","href":"https:\/\/api.w.org\/{rel}","templated":true}]}}