{"id":566,"date":"2023-07-07T12:15:01","date_gmt":"2023-07-07T10:15:01","guid":{"rendered":"https:\/\/pro-tecs.styleinc.eu\/2023\/07\/07\/les-journees-de-la-competence-es-2023\/"},"modified":"2025-07-04T14:03:27","modified_gmt":"2025-07-04T12:03:27","slug":"les-journees-de-la-competence-es-2023","status":"publish","type":"post","link":"https:\/\/pro-tecs.de\/fr\/les-journees-de-la-competence-es-2023\/","title":{"rendered":"Les journ\u00e9es de la comp\u00e9tence ES 2023"},"content":{"rendered":"<p>[et_pb_section fb_built=\u00a0\u00bb1&Prime; _builder_version=\u00a0\u00bb4.24.0&Prime; _module_preset=\u00a0\u00bbdefault\u00a0\u00bb global_colors_info=\u00a0\u00bb{}\u00a0\u00bb theme_builder_area=\u00a0\u00bbpost_content\u00a0\u00bb][et_pb_row _builder_version=\u00a0\u00bb4.24.0&Prime; _module_preset=\u00a0\u00bbdefault\u00a0\u00bb global_colors_info=\u00a0\u00bb{}\u00a0\u00bb theme_builder_area=\u00a0\u00bbpost_content\u00a0\u00bb][et_pb_column type=\u00a0\u00bb4_4&Prime; _builder_version=\u00a0\u00bb4.24.0&Prime; _module_preset=\u00a0\u00bbdefault\u00a0\u00bb global_colors_info=\u00a0\u00bb{}\u00a0\u00bb theme_builder_area=\u00a0\u00bbpost_content\u00a0\u00bb][et_pb_text admin_label=\u00a0\u00bbAbsatz Text\u00a0\u00bb _builder_version=\u00a0\u00bb4.24.0&Prime; _module_preset=\u00a0\u00bbdefault\u00a0\u00bb global_colors_info=\u00a0\u00bb{}\u00a0\u00bb theme_builder_area=\u00a0\u00bbpost_content\u00a0\u00bb]Cette ann\u00e9e, le centre de comp\u00e9tences ES a accueilli les journ\u00e9es de comp\u00e9tences ES. Cet \u00e9v\u00e9nement a attir\u00e9 plus de 40 participants issus de diff\u00e9rentes entreprises du secteur de la technologie RF afin d&rsquo;\u00e9largir leur expertise et d&rsquo;\u00e9changer sur les derniers d\u00e9veloppements dans le secteur.[\/et_pb_text][et_pb_image src=\u00a0\u00bbhttps:\/\/pro-tecs.de\/wp-content\/uploads\/2023\/07\/HF-Kompetenztage-2023-IMG-1.jpg\u00a0\u00bb title_text=\u00a0\u00bbHF-Kompetenztage-2023-IMG-1&Prime; _builder_version=\u00a0\u00bb4.27.4&Prime; _module_preset=\u00a0\u00bbdefault\u00a0\u00bb hover_enabled=\u00a0\u00bb0&Prime; global_colors_info=\u00a0\u00bb{}\u00a0\u00bb theme_builder_area=\u00a0\u00bbpost_content\u00a0\u00bb alt=\u00a0\u00bbJourn\u00e9e 1 des Journ\u00e9es de la comp\u00e9tence HF 2023&Prime; sticky_enabled=\u00a0\u00bb0&Prime;][\/et_pb_image][et_pb_text admin_label=\u00a0\u00bbH2 \u00dcberschrift\u00a0\u00bb _builder_version=\u00a0\u00bb4.27.4&Prime; _module_preset=\u00a0\u00bbdefault\u00a0\u00bb custom_margin=\u00a0\u00bb||0px||false|false\u00a0\u00bb hover_enabled=\u00a0\u00bb0&Prime; global_colors_info=\u00a0\u00bb{}\u00a0\u00bb theme_builder_area=\u00a0\u00bbpost_content\u00a0\u00bb module_class=\u00a0\u00bbh3&Prime; sticky_enabled=\u00a0\u00bb0&Prime;]<\/p>\n<h2>Jour 1 des Journ\u00e9es de la comp\u00e9tence ES 2023<\/h2>\n<p>[\/et_pb_text][et_pb_text admin_label=\u00a0\u00bbAbsatz Text\u00a0\u00bb _builder_version=\u00a0\u00bb4.24.0&Prime; _module_preset=\u00a0\u00bbdefault\u00a0\u00bb global_colors_info=\u00a0\u00bb{}\u00a0\u00bb theme_builder_area=\u00a0\u00bbpost_content\u00a0\u00bb]Le premier jour des Journ\u00e9es de la comp\u00e9tence a d\u00e9but\u00e9 par une pr\u00e9sentation d&rsquo;Ingo Semrau de l&rsquo;entreprise PROCOM. Son expos\u00e9 portait sur le th\u00e8me de la transmission mobile de donn\u00e9es et ses cons\u00e9quences sur la technologie des antennes. Ingo Semrau a donn\u00e9 aux participants un aper\u00e7u approfondi des aspects techniques de la technologie des antennes et a expliqu\u00e9 les d\u00e9fis qui d\u00e9coulent de l&rsquo;utilisation croissante des donn\u00e9es mobiles. Les tendances actuelles et les d\u00e9veloppements futurs ont \u00e9galement \u00e9t\u00e9 abord\u00e9s.[\/et_pb_text][et_pb_text admin_label=\u00a0\u00bbAbsatz Text\u00a0\u00bb _builder_version=\u00a0\u00bb4.24.0&Prime; _module_preset=\u00a0\u00bbdefault\u00a0\u00bb global_colors_info=\u00a0\u00bb{}\u00a0\u00bb theme_builder_area=\u00a0\u00bbpost_content\u00a0\u00bb]Au cours du reste de la premi\u00e8re journ\u00e9e, les participants ont eu droit \u00e0 des aper\u00e7us passionnants sur le th\u00e8me de la technologie des antennes de stations fixes. Pour les aider, des d\u00e9veloppeurs PROCOM du Danemark \u00e9taient pr\u00e9sents pour partager leur expertise et leur exp\u00e9rience avec les participants. Ce fut l&rsquo;occasion d&rsquo;apprendre des experts dans ce domaine et d&rsquo;avoir un aper\u00e7u pr\u00e9cieux des derni\u00e8res avanc\u00e9es technologiques.[\/et_pb_text][et_pb_text admin_label=\u00a0\u00bbAbsatz Text\u00a0\u00bb _builder_version=\u00a0\u00bb4.24.0&Prime; _module_preset=\u00a0\u00bbdefault\u00a0\u00bb global_colors_info=\u00a0\u00bb{}\u00a0\u00bb theme_builder_area=\u00a0\u00bbpost_content\u00a0\u00bb]Pendant les pauses, les participants ont eu droit \u00e0 des burgers, des frites et des boissons, tout en \u00e9changeant sur diff\u00e9rents sujets.[\/et_pb_text][et_pb_text admin_label=\u00a0\u00bbAbsatz Text\u00a0\u00bb _builder_version=\u00a0\u00bb4.24.0&Prime; _module_preset=\u00a0\u00bbdefault\u00a0\u00bb global_colors_info=\u00a0\u00bb{}\u00a0\u00bb theme_builder_area=\u00a0\u00bbpost_content\u00a0\u00bb]En outre, Christian Semrau de PRO-TECS a compl\u00e9t\u00e9 les expos\u00e9s par des exemples d&rsquo;applications pratiques. Un sujet particuli\u00e8rement int\u00e9ressant a \u00e9t\u00e9 la mesure du rayonnement des antennes. \u00c0 l&rsquo;aide d&rsquo;un montage sp\u00e9cial pour le salon, les participants ont pu illustrer les propri\u00e9t\u00e9s de rayonnement de diff\u00e9rents types d&rsquo;antennes dans l&rsquo;espace et enregistrer les r\u00e9sultats des mesures. En outre, un bref aper\u00e7u du domaine des mesures radio d&rsquo;objets TETRA BOS a \u00e9t\u00e9 donn\u00e9, l&rsquo;accent \u00e9tant mis sur les images d&rsquo;erreurs vectorielles dans le diagramme IQ et les mesures DTF.[\/et_pb_text][et_pb_text admin_label=\u00a0\u00bbAbsatz Text\u00a0\u00bb _builder_version=\u00a0\u00bb4.24.0&Prime; _module_preset=\u00a0\u00bbdefault\u00a0\u00bb global_colors_info=\u00a0\u00bb{}\u00a0\u00bb theme_builder_area=\u00a0\u00bbpost_content\u00a0\u00bb]La premi\u00e8re journ\u00e9e s&rsquo;est termin\u00e9e par un moment fort : une croisi\u00e8re commune sur le fjord de Flensburg. Au cours de cette croisi\u00e8re d\u00e9tendue et agr\u00e9able, les participants ont pu non seulement profiter du magnifique fjord, mais aussi terminer la journ\u00e9e autour d&rsquo;un d\u00e9licieux buffet d\u00eenatoire et de boissons rafra\u00eechissantes.[\/et_pb_text][et_pb_image src=\u00a0\u00bbhttps:\/\/pro-tecs.de\/wp-content\/uploads\/2023\/07\/HF-Kompetenztage-2023-IMG-2.jpg\u00a0\u00bb title_text=\u00a0\u00bbHF-Kompetenztage-2023-IMG-2&Prime; _builder_version=\u00a0\u00bb4.27.4&Prime; _module_preset=\u00a0\u00bbdefault\u00a0\u00bb hover_enabled=\u00a0\u00bb0&Prime; global_colors_info=\u00a0\u00bb{}\u00a0\u00bb theme_builder_area=\u00a0\u00bbpost_content\u00a0\u00bb alt=\u00a0\u00bbJourn\u00e9e 2 des Journ\u00e9es de la comp\u00e9tence HF 2023&Prime; sticky_enabled=\u00a0\u00bb0&Prime;][\/et_pb_image][et_pb_text admin_label=\u00a0\u00bbH2 \u00dcberschrift\u00a0\u00bb _builder_version=\u00a0\u00bb4.27.4&Prime; _module_preset=\u00a0\u00bbdefault\u00a0\u00bb custom_margin=\u00a0\u00bb||0px||false|false\u00a0\u00bb hover_enabled=\u00a0\u00bb0&Prime; global_colors_info=\u00a0\u00bb{}\u00a0\u00bb theme_builder_area=\u00a0\u00bbpost_content\u00a0\u00bb module_class=\u00a0\u00bbh3&Prime; sticky_enabled=\u00a0\u00bb0&Prime;]<\/p>\n<h2>Jour 2 des Journ\u00e9es de la comp\u00e9tence ES 2023<\/h2>\n<p>[\/et_pb_text][et_pb_text admin_label=\u00a0\u00bbAbsatz Text\u00a0\u00bb _builder_version=\u00a0\u00bb4.24.0&Prime; _module_preset=\u00a0\u00bbdefault\u00a0\u00bb global_colors_info=\u00a0\u00bb{}\u00a0\u00bb theme_builder_area=\u00a0\u00bbpost_content\u00a0\u00bb]Le deuxi\u00e8me jour des Journ\u00e9es des comp\u00e9tences a commenc\u00e9 par une autre conf\u00e9rence. Cette fois-ci, l&rsquo;accent a \u00e9t\u00e9 mis sur l&rsquo;intermodulation passive (PIM) dans les r\u00e9seaux radio PMR, DMR et TETRA. Les participants ont eu un aper\u00e7u d\u00e9taill\u00e9 des causes et des effets des MIP, ainsi que des m\u00e9thodes de mesure et de pr\u00e9vention de ce ph\u00e9nom\u00e8ne. Des mesures pratiques ont \u00e9t\u00e9 effectu\u00e9es avec les participants sur des c\u00e2bles HF et des composants de filtrage \u00e0 l&rsquo;aide d&rsquo;un analyseur PIM \u00e0 2 ports pour TETRA. Cela a permis aux participants d&rsquo;illustrer les concepts th\u00e9oriques.[\/et_pb_text][et_pb_text admin_label=\u00a0\u00bbAbsatz Text\u00a0\u00bb _builder_version=\u00a0\u00bb4.24.0&Prime; _module_preset=\u00a0\u00bbdefault\u00a0\u00bb global_colors_info=\u00a0\u00bb{}\u00a0\u00bb theme_builder_area=\u00a0\u00bbpost_content\u00a0\u00bb]Le point culminant de l&rsquo;\u00e9v\u00e9nement a \u00e9t\u00e9 la pr\u00e9sentation d&rsquo;une technologie de filtrage duplex avant-gardiste, qui ouvre la voie \u00e0 l&rsquo;avenir du r\u00e9seau TETRA BOS \u00e9tendu. Les participants ont eu un aper\u00e7u exclusif de cette technologie et ont pu se faire une id\u00e9e de ses capacit\u00e9s.[\/et_pb_text][et_pb_text admin_label=\u00a0\u00bbAbsatz Text\u00a0\u00bb _builder_version=\u00a0\u00bb4.24.0&Prime; _module_preset=\u00a0\u00bbdefault\u00a0\u00bb global_colors_info=\u00a0\u00bb{}\u00a0\u00bb theme_builder_area=\u00a0\u00bbpost_content\u00a0\u00bb]\u00c0 la fin de l&rsquo;\u00e9v\u00e9nement, chaque participant a re\u00e7u un kit de restauration pour le retour \u00e0 la maison ainsi qu&rsquo;une cl\u00e9 USB contenant les principales informations de l&rsquo;\u00e9v\u00e9nement. Cela a permis aux participants d&rsquo;approfondir les connaissances acquises et de continuer \u00e0 en profiter apr\u00e8s l&rsquo;\u00e9v\u00e9nement.[\/et_pb_text][et_pb_text admin_label=\u00a0\u00bbAbsatz Text\u00a0\u00bb _builder_version=\u00a0\u00bb4.24.0&Prime; _module_preset=\u00a0\u00bbdefault\u00a0\u00bb global_colors_info=\u00a0\u00bb{}\u00a0\u00bb theme_builder_area=\u00a0\u00bbpost_content\u00a0\u00bb]Les Journ\u00e9es des comp\u00e9tences RF de juin 2023 ont \u00e9t\u00e9 un \u00e9v\u00e9nement exceptionnel, offrant aux participants une occasion unique d&rsquo;\u00e9largir leurs connaissances, d&rsquo;\u00e9changer sur les derni\u00e8res tendances et \u00e9volutions de la technologie RF et d&rsquo;obtenir un pr\u00e9cieux aper\u00e7u de la part d&rsquo;experts dans ce domaine.[\/et_pb_text][et_pb_text admin_label=\u00a0\u00bbH5 \u00dcberschrift\u00a0\u00bb _builder_version=\u00a0\u00bb4.27.4&Prime; _module_preset=\u00a0\u00bbdefault\u00a0\u00bb hover_enabled=\u00a0\u00bb0&Prime; global_colors_info=\u00a0\u00bb{}\u00a0\u00bb theme_builder_area=\u00a0\u00bbpost_content\u00a0\u00bb module_class=\u00a0\u00bbh5&Prime; sticky_enabled=\u00a0\u00bb0&Prime; custom_margin=\u00a0\u00bb||0px||false|false\u00a0\u00bb]<\/p>\n<h3>Pour plus d&rsquo;informations sur les Journ\u00e9es de la comp\u00e9tence ES<\/h3>\n<p>[\/et_pb_text][et_pb_text _builder_version=\u00a0\u00bb4.25.1&Prime; _module_preset=\u00a0\u00bbdefault\u00a0\u00bb global_colors_info=\u00a0\u00bb{}\u00a0\u00bb theme_builder_area=\u00a0\u00bbpost_content\u00a0\u00bb]<\/p>\n<p>Si vous souhaitez obtenir plus d&rsquo;informations sur les Journ\u00e9es de la comp\u00e9tence HF, veuillez consulter la page du centre de comp\u00e9tence HF \u00e0 Handewitt. Vous y trouverez toutes les informations utiles et pourrez vous inscrire directement. Nous nous r\u00e9jouissons de votre visite.  <\/p>\n<p>[\/et_pb_text][et_pb_button button_url=\u00a0\u00bbhttp:\/\/hf-kompetenz.de\/kompetenztage\u00a0\u00bb url_new_window=\u00a0\u00bbon\u00a0\u00bb button_text=\u00a0\u00bbEn savoir plus ou s&apos;inscrire\u00a0\u00bb admin_label=\u00a0\u00bbMehr Informationen oder Anmelden\u00a0\u00bb _builder_version=\u00a0\u00bb4.24.0&Prime; _module_preset=\u00a0\u00bbdefault\u00a0\u00bb global_colors_info=\u00a0\u00bb{}\u00a0\u00bb theme_builder_area=\u00a0\u00bbpost_content\u00a0\u00bb][\/et_pb_button][\/et_pb_column][\/et_pb_row][\/et_pb_section]<\/p>\n","protected":false},"excerpt":{"rendered":"<p>Cette ann\u00e9e encore, les Journ\u00e9es des comp\u00e9tences ES 2023 ont eu lieu.<\/p>\n","protected":false},"author":1,"featured_media":408,"comment_status":"open","ping_status":"open","sticky":false,"template":"","format":"standard","meta":{"_et_pb_use_builder":"on","_et_pb_old_content":"","_et_gb_content_width":"","inline_featured_image":false,"footnotes":""},"categories":[30],"tags":[],"class_list":["post-566","post","type-post","status-publish","format-standard","has-post-thumbnail","hentry","category-evenements"],"_links":{"self":[{"href":"https:\/\/pro-tecs.de\/fr\/wp-json\/wp\/v2\/posts\/566","targetHints":{"allow":["GET"]}}],"collection":[{"href":"https:\/\/pro-tecs.de\/fr\/wp-json\/wp\/v2\/posts"}],"about":[{"href":"https:\/\/pro-tecs.de\/fr\/wp-json\/wp\/v2\/types\/post"}],"author":[{"embeddable":true,"href":"https:\/\/pro-tecs.de\/fr\/wp-json\/wp\/v2\/users\/1"}],"replies":[{"embeddable":true,"href":"https:\/\/pro-tecs.de\/fr\/wp-json\/wp\/v2\/comments?post=566"}],"version-history":[{"count":5,"href":"https:\/\/pro-tecs.de\/fr\/wp-json\/wp\/v2\/posts\/566\/revisions"}],"predecessor-version":[{"id":7167,"href":"https:\/\/pro-tecs.de\/fr\/wp-json\/wp\/v2\/posts\/566\/revisions\/7167"}],"wp:featuredmedia":[{"embeddable":true,"href":"https:\/\/pro-tecs.de\/fr\/wp-json\/wp\/v2\/media\/408"}],"wp:attachment":[{"href":"https:\/\/pro-tecs.de\/fr\/wp-json\/wp\/v2\/media?parent=566"}],"wp:term":[{"taxonomy":"category","embeddable":true,"href":"https:\/\/pro-tecs.de\/fr\/wp-json\/wp\/v2\/categories?post=566"},{"taxonomy":"post_tag","embeddable":true,"href":"https:\/\/pro-tecs.de\/fr\/wp-json\/wp\/v2\/tags?post=566"}],"curies":[{"name":"wp","href":"https:\/\/api.w.org\/{rel}","templated":true}]}}